{"id":326,"date":"2022-05-02T11:28:41","date_gmt":"2022-05-02T11:28:41","guid":{"rendered":"https:\/\/insjoanoro.cat\/vadellengues\/?p=326"},"modified":"2022-06-02T11:31:02","modified_gmt":"2022-06-02T11:31:02","slug":"visita-darturo-padilla","status":"publish","type":"post","link":"https:\/\/insjoanoro.cat\/vadellengues\/2022\/05\/02\/visita-darturo-padilla\/","title":{"rendered":"Visita d&#8217;Arturo Padilla"},"content":{"rendered":"<p>A 1r d&#8217;ESO hem llegit <em>Presoners del mar<\/em>, d\u2019Arturo Padilla i hem tingut la sort de poder compartir la hist\u00f2ria amb ell dins d&#8217;un club de lectura. El llibre \u00e9s molt recomanable i gaireb\u00e9 tot l&#8217;alumnat ha gaudit de la lectura i tamb\u00e9 de la xerrada amb l&#8217;autor.<\/p>\n<p><img loading=\"lazy\" decoding=\"async\" class=\"alignnone size-medium wp-image-324\" src=\"https:\/\/insjoanoro.cat\/vadellengues\/wp-content\/uploads\/sites\/17\/2021\/05\/IMG_5098-300x225.jpg\" alt=\"\" width=\"300\" height=\"225\" srcset=\"https:\/\/insjoanoro.cat\/vadellengues\/wp-content\/uploads\/sites\/17\/2021\/05\/IMG_5098-300x225.jpg 300w, https:\/\/insjoanoro.cat\/vadellengues\/wp-content\/uploads\/sites\/17\/2021\/05\/IMG_5098-326x245.jpg 326w, https:\/\/insjoanoro.cat\/vadellengues\/wp-content\/uploads\/sites\/17\/2021\/05\/IMG_5098-80x60.jpg 80w, https:\/\/insjoanoro.cat\/vadellengues\/wp-content\/uploads\/sites\/17\/2021\/05\/IMG_5098.jpg 640w\" sizes=\"auto, (max-width: 300px) 100vw, 300px\" \/><\/p>\n","protected":false},"excerpt":{"rendered":"<div class=\"mh-excerpt\"><p>A 1r d&#8217;ESO hem llegit Presoners del mar, d\u2019Arturo Padilla i hem tingut la sort de poder compartir la hist\u00f2ria amb ell dins d&#8217;un club <a class=\"mh-excerpt-more\" href=\"https:\/\/insjoanoro.cat\/vadellengues\/2022\/05\/02\/visita-darturo-padilla\/\" title=\"Visita d&#8217;Arturo Padilla\">[&#8230;]<\/a><\/p>\n<\/div>","protected":false},"author":20,"featured_media":324,"comment_status":"open","ping_status":"open","sticky":false,"template":"","format":"standard","meta":{"footnotes":""},"categories":[2],"tags":[6],"class_list":["post-326","post","type-post","status-publish","format-standard","has-post-thumbnail","hentry","category-recomanacio","tag-llibres"],"_links":{"self":[{"href":"https:\/\/insjoanoro.cat\/vadellengues\/wp-json\/wp\/v2\/posts\/326","targetHints":{"allow":["GET"]}}],"collection":[{"href":"https:\/\/insjoanoro.cat\/vadellengues\/wp-json\/wp\/v2\/posts"}],"about":[{"href":"https:\/\/insjoanoro.cat\/vadellengues\/wp-json\/wp\/v2\/types\/post"}],"author":[{"embeddable":true,"href":"https:\/\/insjoanoro.cat\/vadellengues\/wp-json\/wp\/v2\/users\/20"}],"replies":[{"embeddable":true,"href":"https:\/\/insjoanoro.cat\/vadellengues\/wp-json\/wp\/v2\/comments?post=326"}],"version-history":[{"count":1,"href":"https:\/\/insjoanoro.cat\/vadellengues\/wp-json\/wp\/v2\/posts\/326\/revisions"}],"predecessor-version":[{"id":327,"href":"https:\/\/insjoanoro.cat\/vadellengues\/wp-json\/wp\/v2\/posts\/326\/revisions\/327"}],"wp:featuredmedia":[{"embeddable":true,"href":"https:\/\/insjoanoro.cat\/vadellengues\/wp-json\/wp\/v2\/media\/324"}],"wp:attachment":[{"href":"https:\/\/insjoanoro.cat\/vadellengues\/wp-json\/wp\/v2\/media?parent=326"}],"wp:term":[{"taxonomy":"category","embeddable":true,"href":"https:\/\/insjoanoro.cat\/vadellengues\/wp-json\/wp\/v2\/categories?post=326"},{"taxonomy":"post_tag","embeddable":true,"href":"https:\/\/insjoanoro.cat\/vadellengues\/wp-json\/wp\/v2\/tags?post=326"}],"curies":[{"name":"wp","href":"https:\/\/api.w.org\/{rel}","templated":true}]}}