{"id":328,"date":"2022-03-19T11:31:25","date_gmt":"2022-03-19T11:31:25","guid":{"rendered":"https:\/\/insjoanoro.cat\/vadellengues\/?p=328"},"modified":"2022-06-02T11:34:25","modified_gmt":"2022-06-02T11:34:25","slug":"nova-edicio-del-planet-oro","status":"publish","type":"post","link":"https:\/\/insjoanoro.cat\/vadellengues\/2022\/03\/19\/nova-edicio-del-planet-oro\/","title":{"rendered":"Nova edici\u00f3 del Planet Or\u00f3"},"content":{"rendered":"<p>Ja ha arribat el moment de la Gala de Premis dels curtmetratges Planet Or\u00f3.<\/p>\n<div dir=\"auto\">Dimarts 29 de mar\u00e7 hem celebrat la gala de lliurament de premis PlanetOr\u00f3 del nostre centre. Amb aquest projecte els alumnes de 1r aprenen a elaborar un curtmetratge. Visca el cinema, visca el Joan Or\u00f3!<\/div>\n<div><\/div>\n<div>\n<div dir=\"auto\">A m\u00e9s, a la gala d\u2019enguany hem comptat amb la pres\u00e8ncia de dos convidats molt actuals: l\u2019Albert Baldom\u00e0, responsable del c\u00e0sting de la pel.l\u00edcula Alcarr\u00e0s, i l\u2019Albert Bosch, actor de la pel.l\u00edcula premiada amb l\u2019Os de Berl\u00edn. Hem gaudit amb les seves paraules directes, entenedores, plenes de passi\u00f3 per all\u00f2 que fan. Els alumnes han connectat amb una experi\u00e8ncia viscuda en primera persona que parla en catal\u00e0 sobre la terra, la pagesia, un mon que ens \u00e9s tan proper.<\/div>\n<div dir=\"auto\">Ben segur que els nostres alumnes recordaran aquesta gala, els premis i les paraules dels Alberts que els han fet recordar que amb esfor\u00e7 i passi\u00f3, els objectius es poden aconseguir.<\/div>\n<div dir=\"auto\"><img loading=\"lazy\" decoding=\"async\" class=\"alignnone size-medium wp-image-329\" src=\"https:\/\/insjoanoro.cat\/vadellengues\/wp-content\/uploads\/sites\/17\/2022\/06\/PHOTO-2022-03-29-14-49-24-300x225-300x225.jpg\" alt=\"\" width=\"300\" height=\"225\" srcset=\"https:\/\/insjoanoro.cat\/vadellengues\/wp-content\/uploads\/sites\/17\/2022\/06\/PHOTO-2022-03-29-14-49-24-300x225.jpg 300w, https:\/\/insjoanoro.cat\/vadellengues\/wp-content\/uploads\/sites\/17\/2022\/06\/PHOTO-2022-03-29-14-49-24-300x225-80x60.jpg 80w\" sizes=\"auto, (max-width: 300px) 100vw, 300px\" \/> <img loading=\"lazy\" decoding=\"async\" class=\"alignnone size-medium wp-image-330\" src=\"https:\/\/insjoanoro.cat\/vadellengues\/wp-content\/uploads\/sites\/17\/2022\/06\/PHOTO-2022-03-29-14-49-41-300x225-300x225.jpg\" alt=\"\" width=\"300\" height=\"225\" srcset=\"https:\/\/insjoanoro.cat\/vadellengues\/wp-content\/uploads\/sites\/17\/2022\/06\/PHOTO-2022-03-29-14-49-41-300x225.jpg 300w, https:\/\/insjoanoro.cat\/vadellengues\/wp-content\/uploads\/sites\/17\/2022\/06\/PHOTO-2022-03-29-14-49-41-300x225-80x60.jpg 80w\" sizes=\"auto, (max-width: 300px) 100vw, 300px\" \/> <img loading=\"lazy\" decoding=\"async\" class=\"alignnone size-medium wp-image-331\" src=\"https:\/\/insjoanoro.cat\/vadellengues\/wp-content\/uploads\/sites\/17\/2022\/06\/PHOTO-2022-03-29-14-49-55-1180x885-300x225.jpg\" alt=\"\" width=\"300\" height=\"225\" srcset=\"https:\/\/insjoanoro.cat\/vadellengues\/wp-content\/uploads\/sites\/17\/2022\/06\/PHOTO-2022-03-29-14-49-55-1180x885-300x225.jpg 300w, https:\/\/insjoanoro.cat\/vadellengues\/wp-content\/uploads\/sites\/17\/2022\/06\/PHOTO-2022-03-29-14-49-55-1180x885-768x576.jpg 768w, https:\/\/insjoanoro.cat\/vadellengues\/wp-content\/uploads\/sites\/17\/2022\/06\/PHOTO-2022-03-29-14-49-55-1180x885-1024x768.jpg 1024w, https:\/\/insjoanoro.cat\/vadellengues\/wp-content\/uploads\/sites\/17\/2022\/06\/PHOTO-2022-03-29-14-49-55-1180x885-678x509.jpg 678w, https:\/\/insjoanoro.cat\/vadellengues\/wp-content\/uploads\/sites\/17\/2022\/06\/PHOTO-2022-03-29-14-49-55-1180x885-326x245.jpg 326w, https:\/\/insjoanoro.cat\/vadellengues\/wp-content\/uploads\/sites\/17\/2022\/06\/PHOTO-2022-03-29-14-49-55-1180x885-80x60.jpg 80w, https:\/\/insjoanoro.cat\/vadellengues\/wp-content\/uploads\/sites\/17\/2022\/06\/PHOTO-2022-03-29-14-49-55-1180x885.jpg 1180w\" sizes=\"auto, (max-width: 300px) 100vw, 300px\" \/><\/div>\n<\/div>\n","protected":false},"excerpt":{"rendered":"<div class=\"mh-excerpt\"><p>Ja ha arribat el moment de la Gala de Premis dels curtmetratges Planet Or\u00f3. Dimarts 29 de mar\u00e7 hem celebrat la gala de lliurament de <a class=\"mh-excerpt-more\" href=\"https:\/\/insjoanoro.cat\/vadellengues\/2022\/03\/19\/nova-edicio-del-planet-oro\/\" title=\"Nova edici\u00f3 del Planet Or\u00f3\">[&#8230;]<\/a><\/p>\n<\/div>","protected":false},"author":20,"featured_media":329,"comment_status":"open","ping_status":"open","sticky":false,"template":"","format":"standard","meta":{"footnotes":""},"categories":[1],"tags":[7],"class_list":["post-328","post","type-post","status-publish","format-standard","has-post-thumbnail","hentry","category-sin-categoria","tag-planetoro"],"_links":{"self":[{"href":"https:\/\/insjoanoro.cat\/vadellengues\/wp-json\/wp\/v2\/posts\/328","targetHints":{"allow":["GET"]}}],"collection":[{"href":"https:\/\/insjoanoro.cat\/vadellengues\/wp-json\/wp\/v2\/posts"}],"about":[{"href":"https:\/\/insjoanoro.cat\/vadellengues\/wp-json\/wp\/v2\/types\/post"}],"author":[{"embeddable":true,"href":"https:\/\/insjoanoro.cat\/vadellengues\/wp-json\/wp\/v2\/users\/20"}],"replies":[{"embeddable":true,"href":"https:\/\/insjoanoro.cat\/vadellengues\/wp-json\/wp\/v2\/comments?post=328"}],"version-history":[{"count":1,"href":"https:\/\/insjoanoro.cat\/vadellengues\/wp-json\/wp\/v2\/posts\/328\/revisions"}],"predecessor-version":[{"id":332,"href":"https:\/\/insjoanoro.cat\/vadellengues\/wp-json\/wp\/v2\/posts\/328\/revisions\/332"}],"wp:featuredmedia":[{"embeddable":true,"href":"https:\/\/insjoanoro.cat\/vadellengues\/wp-json\/wp\/v2\/media\/329"}],"wp:attachment":[{"href":"https:\/\/insjoanoro.cat\/vadellengues\/wp-json\/wp\/v2\/media?parent=328"}],"wp:term":[{"taxonomy":"category","embeddable":true,"href":"https:\/\/insjoanoro.cat\/vadellengues\/wp-json\/wp\/v2\/categories?post=328"},{"taxonomy":"post_tag","embeddable":true,"href":"https:\/\/insjoanoro.cat\/vadellengues\/wp-json\/wp\/v2\/tags?post=328"}],"curies":[{"name":"wp","href":"https:\/\/api.w.org\/{rel}","templated":true}]}}