{"id":33,"date":"2016-05-01T19:19:41","date_gmt":"2016-05-01T19:19:41","guid":{"rendered":"https:\/\/insjoanoro.cat\/vadellengues\/?p=33"},"modified":"2021-02-27T17:06:13","modified_gmt":"2021-02-27T17:06:13","slug":"presentem-llegim-per-plaer","status":"publish","type":"post","link":"https:\/\/insjoanoro.cat\/vadellengues\/2016\/05\/01\/presentem-llegim-per-plaer\/","title":{"rendered":"Presentem &#8220;Llegim per plaer&#8221;"},"content":{"rendered":"<div><img loading=\"lazy\" decoding=\"async\" class=\" wp-image-49 aligncenter\" src=\"https:\/\/insjoanoro.cat\/vadellengues\/wp-content\/uploads\/sites\/17\/2016\/05\/mollerussa-300x198.jpg\" alt=\"\" width=\"232\" height=\"153\" srcset=\"https:\/\/insjoanoro.cat\/vadellengues\/wp-content\/uploads\/sites\/17\/2016\/05\/mollerussa-300x198.jpg 300w, https:\/\/insjoanoro.cat\/vadellengues\/wp-content\/uploads\/sites\/17\/2016\/05\/mollerussa-768x507.jpg 768w, https:\/\/insjoanoro.cat\/vadellengues\/wp-content\/uploads\/sites\/17\/2016\/05\/mollerussa.jpg 1008w\" sizes=\"auto, (max-width: 232px) 100vw, 232px\" \/><\/div>\n<div><i>En la\u00a0celebraci\u00f3 del 32\u00e8 Sal\u00f3 del Llibre infantil i juvenil de Catalunya, l&#8217;INS Joan Or\u00f3 no podia faltar-hi.\u00a0<b>Som un centre lector<\/b>\u00a0i aquesta declaraci\u00f3 determina la nostra manera de fer: llegim per aprendre, llegim per escriure i, tamb\u00e9, llegim per plaer.<\/i><\/div>\n<div><i>\u00a0<\/i><\/div>\n<div><i>El proppassat 30 d&#8217;abril les professores Montse Irun i L\u00eddia Bell-lloch van presentar algunes de les nostres bones pr\u00e0ctiques a l&#8217;entorn de la lectura en una trobada formativa \u00a0que feia el Departament\u00a0d&#8217;Ensenyament \u00a0i que anava adre\u00e7ada a tots aquells centres educatius que volen fomentar l&#8217;h\u00e0bit lector entre el seu alumnat. La pon\u00e8ncia duia per t\u00edtol:\u00a0<b>Temps! Llegir per plaer. La lectura \u00a0i la biblioteca d&#8217;aula<\/b>.\u00a0<\/i><\/div>\n<div><a href=\"http:\/\/blocs.xtec.cat\/ilec\/files\/2016\/05\/IMPULS-LECTURA-TROBADA-MOLLERUSSA.jpg\"><img loading=\"lazy\" decoding=\"async\" class=\"aligncenter size-large wp-image-440\" src=\"http:\/\/blocs.xtec.cat\/ilec\/files\/2016\/05\/IMPULS-LECTURA-TROBADA-MOLLERUSSA-1024x768.jpg\" alt=\"IMPULS LECTURA TROBADA MOLLERUSSA\" width=\"960\" height=\"720\" \/><\/a><\/div>\n<p><span style=\"text-indent: 20px;width: auto;padding: 0px 4px 0px 0px;text-align: center;font: bold 11px\/20px 'Helvetica Neue',Helvetica,sans-serif;color: #ffffff;background: #bd081c no-repeat scroll 3px 50% \/ 14px 14px;cursor: pointer\">Guardar<\/span><\/p>\n<p><span style=\"text-indent: 20px;width: auto;padding: 0px 4px 0px 0px;text-align: center;font: bold 11px\/20px 'Helvetica Neue',Helvetica,sans-serif;color: #ffffff;background: #bd081c no-repeat scroll 3px 50% \/ 14px 14px;cursor: pointer\">Guardar<\/span><\/p>\n","protected":false},"excerpt":{"rendered":"<div class=\"mh-excerpt\"><p>En la\u00a0celebraci\u00f3 del 32\u00e8 Sal\u00f3 del Llibre infantil i juvenil de Catalunya, l&#8217;INS Joan Or\u00f3 no podia faltar-hi.\u00a0Som un centre lector\u00a0i aquesta declaraci\u00f3 determina la <a class=\"mh-excerpt-more\" href=\"https:\/\/insjoanoro.cat\/vadellengues\/2016\/05\/01\/presentem-llegim-per-plaer\/\" title=\"Presentem &#8220;Llegim per plaer&#8221;\">[&#8230;]<\/a><\/p>\n<\/div>","protected":false},"author":20,"featured_media":49,"comment_status":"open","ping_status":"open","sticky":false,"template":"","format":"standard","meta":{"footnotes":""},"categories":[5],"tags":[],"class_list":["post-33","post","type-post","status-publish","format-standard","has-post-thumbnail","hentry","category-presentacions"],"_links":{"self":[{"href":"https:\/\/insjoanoro.cat\/vadellengues\/wp-json\/wp\/v2\/posts\/33","targetHints":{"allow":["GET"]}}],"collection":[{"href":"https:\/\/insjoanoro.cat\/vadellengues\/wp-json\/wp\/v2\/posts"}],"about":[{"href":"https:\/\/insjoanoro.cat\/vadellengues\/wp-json\/wp\/v2\/types\/post"}],"author":[{"embeddable":true,"href":"https:\/\/insjoanoro.cat\/vadellengues\/wp-json\/wp\/v2\/users\/20"}],"replies":[{"embeddable":true,"href":"https:\/\/insjoanoro.cat\/vadellengues\/wp-json\/wp\/v2\/comments?post=33"}],"version-history":[{"count":4,"href":"https:\/\/insjoanoro.cat\/vadellengues\/wp-json\/wp\/v2\/posts\/33\/revisions"}],"predecessor-version":[{"id":50,"href":"https:\/\/insjoanoro.cat\/vadellengues\/wp-json\/wp\/v2\/posts\/33\/revisions\/50"}],"wp:featuredmedia":[{"embeddable":true,"href":"https:\/\/insjoanoro.cat\/vadellengues\/wp-json\/wp\/v2\/media\/49"}],"wp:attachment":[{"href":"https:\/\/insjoanoro.cat\/vadellengues\/wp-json\/wp\/v2\/media?parent=33"}],"wp:term":[{"taxonomy":"category","embeddable":true,"href":"https:\/\/insjoanoro.cat\/vadellengues\/wp-json\/wp\/v2\/categories?post=33"},{"taxonomy":"post_tag","embeddable":true,"href":"https:\/\/insjoanoro.cat\/vadellengues\/wp-json\/wp\/v2\/tags?post=33"}],"curies":[{"name":"wp","href":"https:\/\/api.w.org\/{rel}","templated":true}]}}