{"id":351,"date":"2022-12-01T10:59:21","date_gmt":"2022-12-01T10:59:21","guid":{"rendered":"https:\/\/insjoanoro.cat\/vadellengues\/?p=351"},"modified":"2023-01-31T11:03:14","modified_gmt":"2023-01-31T11:03:14","slug":"comencem-el-projecte-interlinguistic-de-2-eso","status":"publish","type":"post","link":"https:\/\/insjoanoro.cat\/vadellengues\/2022\/12\/01\/comencem-el-projecte-interlinguistic-de-2-eso\/","title":{"rendered":"Comencem el projecte interling\u00fc\u00edstic de 2 ESO"},"content":{"rendered":"<p>L&#8217;alumnat de 2 ESO ja est\u00e0 en plena elaboraci\u00f3 dels seus mon\u00f2legs c\u00f2mics en castell\u00e0, els seus Ted Talks en catal\u00e0 i els seus TikToks en angl\u00e8s. Tots formen part de la seq\u00fc\u00e8ncia de unitats did\u00e0ctiques que sota el paraig\u00fces del desenvolupament de la pr\u00e0ctica oral planificada han elaborats les professores de catal\u00e0, castell\u00e0 i angl\u00e8s dins del marc del Tractament Integrat de les Lleng\u00fces. Podreu veure productes ben aviat.<img loading=\"lazy\" decoding=\"async\" class=\"alignnone size-medium wp-image-352\" src=\"https:\/\/insjoanoro.cat\/vadellengues\/wp-content\/uploads\/sites\/17\/2023\/01\/2n-CAT-feedback-300x225.jpeg\" alt=\"\" width=\"300\" height=\"225\" srcset=\"https:\/\/insjoanoro.cat\/vadellengues\/wp-content\/uploads\/sites\/17\/2023\/01\/2n-CAT-feedback-300x225.jpeg 300w, https:\/\/insjoanoro.cat\/vadellengues\/wp-content\/uploads\/sites\/17\/2023\/01\/2n-CAT-feedback-768x576.jpeg 768w, https:\/\/insjoanoro.cat\/vadellengues\/wp-content\/uploads\/sites\/17\/2023\/01\/2n-CAT-feedback-1024x768.jpeg 1024w, https:\/\/insjoanoro.cat\/vadellengues\/wp-content\/uploads\/sites\/17\/2023\/01\/2n-CAT-feedback-678x509.jpeg 678w, https:\/\/insjoanoro.cat\/vadellengues\/wp-content\/uploads\/sites\/17\/2023\/01\/2n-CAT-feedback-326x245.jpeg 326w, https:\/\/insjoanoro.cat\/vadellengues\/wp-content\/uploads\/sites\/17\/2023\/01\/2n-CAT-feedback-80x60.jpeg 80w\" sizes=\"auto, (max-width: 300px) 100vw, 300px\" \/><\/p>\n","protected":false},"excerpt":{"rendered":"<div class=\"mh-excerpt\"><p>L&#8217;alumnat de 2 ESO ja est\u00e0 en plena elaboraci\u00f3 dels seus mon\u00f2legs c\u00f2mics en castell\u00e0, els seus Ted Talks en catal\u00e0 i els seus TikToks <a class=\"mh-excerpt-more\" href=\"https:\/\/insjoanoro.cat\/vadellengues\/2022\/12\/01\/comencem-el-projecte-interlinguistic-de-2-eso\/\" title=\"Comencem el projecte interling\u00fc\u00edstic de 2 ESO\">[&#8230;]<\/a><\/p>\n<\/div>","protected":false},"author":20,"featured_media":352,"comment_status":"open","ping_status":"open","sticky":false,"template":"","format":"standard","meta":{"footnotes":""},"categories":[8],"tags":[],"class_list":["post-351","post","type-post","status-publish","format-standard","has-post-thumbnail","hentry","category-projecte-interlinguistic"],"_links":{"self":[{"href":"https:\/\/insjoanoro.cat\/vadellengues\/wp-json\/wp\/v2\/posts\/351","targetHints":{"allow":["GET"]}}],"collection":[{"href":"https:\/\/insjoanoro.cat\/vadellengues\/wp-json\/wp\/v2\/posts"}],"about":[{"href":"https:\/\/insjoanoro.cat\/vadellengues\/wp-json\/wp\/v2\/types\/post"}],"author":[{"embeddable":true,"href":"https:\/\/insjoanoro.cat\/vadellengues\/wp-json\/wp\/v2\/users\/20"}],"replies":[{"embeddable":true,"href":"https:\/\/insjoanoro.cat\/vadellengues\/wp-json\/wp\/v2\/comments?post=351"}],"version-history":[{"count":1,"href":"https:\/\/insjoanoro.cat\/vadellengues\/wp-json\/wp\/v2\/posts\/351\/revisions"}],"predecessor-version":[{"id":353,"href":"https:\/\/insjoanoro.cat\/vadellengues\/wp-json\/wp\/v2\/posts\/351\/revisions\/353"}],"wp:featuredmedia":[{"embeddable":true,"href":"https:\/\/insjoanoro.cat\/vadellengues\/wp-json\/wp\/v2\/media\/352"}],"wp:attachment":[{"href":"https:\/\/insjoanoro.cat\/vadellengues\/wp-json\/wp\/v2\/media?parent=351"}],"wp:term":[{"taxonomy":"category","embeddable":true,"href":"https:\/\/insjoanoro.cat\/vadellengues\/wp-json\/wp\/v2\/categories?post=351"},{"taxonomy":"post_tag","embeddable":true,"href":"https:\/\/insjoanoro.cat\/vadellengues\/wp-json\/wp\/v2\/tags?post=351"}],"curies":[{"name":"wp","href":"https:\/\/api.w.org\/{rel}","templated":true}]}}