{"id":378,"date":"2024-01-08T16:50:38","date_gmt":"2024-01-08T16:50:38","guid":{"rendered":"https:\/\/insjoanoro.cat\/vadellengues\/?p=378"},"modified":"2024-02-07T16:59:22","modified_gmt":"2024-02-07T16:59:22","slug":"una-nova-edicio-dels-projectes-interlinguistics","status":"publish","type":"post","link":"https:\/\/insjoanoro.cat\/vadellengues\/2024\/01\/08\/una-nova-edicio-dels-projectes-interlinguistics\/","title":{"rendered":"Una nova edici\u00f3 dels projectes interling\u00fc\u00edstics"},"content":{"rendered":"<p>Engeguem els projectes interling\u00fc\u00edstics amb el PlanetOr\u00f3 a 1 ESO i el Ens escoltem amb podcast a 2ESO!!!<img loading=\"lazy\" decoding=\"async\" class=\"alignnone size-medium wp-image-379\" src=\"https:\/\/insjoanoro.cat\/vadellengues\/wp-content\/uploads\/sites\/17\/2024\/02\/Captura-300x243.jpg\" alt=\"\" width=\"300\" height=\"243\" srcset=\"https:\/\/insjoanoro.cat\/vadellengues\/wp-content\/uploads\/sites\/17\/2024\/02\/Captura-300x243.jpg 300w, https:\/\/insjoanoro.cat\/vadellengues\/wp-content\/uploads\/sites\/17\/2024\/02\/Captura.jpg 555w\" sizes=\"auto, (max-width: 300px) 100vw, 300px\" \/>\u00a0<img loading=\"lazy\" decoding=\"async\" class=\"alignnone size-medium wp-image-380\" src=\"https:\/\/insjoanoro.cat\/vadellengues\/wp-content\/uploads\/sites\/17\/2024\/02\/Captura-1-300x117.jpg\" alt=\"\" width=\"300\" height=\"117\" srcset=\"https:\/\/insjoanoro.cat\/vadellengues\/wp-content\/uploads\/sites\/17\/2024\/02\/Captura-1-300x117.jpg 300w, https:\/\/insjoanoro.cat\/vadellengues\/wp-content\/uploads\/sites\/17\/2024\/02\/Captura-1-768x301.jpg 768w, https:\/\/insjoanoro.cat\/vadellengues\/wp-content\/uploads\/sites\/17\/2024\/02\/Captura-1-1024x401.jpg 1024w, https:\/\/insjoanoro.cat\/vadellengues\/wp-content\/uploads\/sites\/17\/2024\/02\/Captura-1.jpg 1837w\" sizes=\"auto, (max-width: 300px) 100vw, 300px\" \/><\/p>\n","protected":false},"excerpt":{"rendered":"<div class=\"mh-excerpt\"><p>Engeguem els projectes interling\u00fc\u00edstics amb el PlanetOr\u00f3 a 1 ESO i el Ens escoltem amb podcast a 2ESO!!!\u00a0<\/p>\n<\/div>","protected":false},"author":20,"featured_media":379,"comment_status":"open","ping_status":"open","sticky":false,"template":"","format":"standard","meta":{"footnotes":""},"categories":[8],"tags":[10,11],"class_list":["post-378","post","type-post","status-publish","format-standard","has-post-thumbnail","hentry","category-projecte-interlinguistic","tag-1eso","tag-2eso"],"_links":{"self":[{"href":"https:\/\/insjoanoro.cat\/vadellengues\/wp-json\/wp\/v2\/posts\/378","targetHints":{"allow":["GET"]}}],"collection":[{"href":"https:\/\/insjoanoro.cat\/vadellengues\/wp-json\/wp\/v2\/posts"}],"about":[{"href":"https:\/\/insjoanoro.cat\/vadellengues\/wp-json\/wp\/v2\/types\/post"}],"author":[{"embeddable":true,"href":"https:\/\/insjoanoro.cat\/vadellengues\/wp-json\/wp\/v2\/users\/20"}],"replies":[{"embeddable":true,"href":"https:\/\/insjoanoro.cat\/vadellengues\/wp-json\/wp\/v2\/comments?post=378"}],"version-history":[{"count":1,"href":"https:\/\/insjoanoro.cat\/vadellengues\/wp-json\/wp\/v2\/posts\/378\/revisions"}],"predecessor-version":[{"id":381,"href":"https:\/\/insjoanoro.cat\/vadellengues\/wp-json\/wp\/v2\/posts\/378\/revisions\/381"}],"wp:featuredmedia":[{"embeddable":true,"href":"https:\/\/insjoanoro.cat\/vadellengues\/wp-json\/wp\/v2\/media\/379"}],"wp:attachment":[{"href":"https:\/\/insjoanoro.cat\/vadellengues\/wp-json\/wp\/v2\/media?parent=378"}],"wp:term":[{"taxonomy":"category","embeddable":true,"href":"https:\/\/insjoanoro.cat\/vadellengues\/wp-json\/wp\/v2\/categories?post=378"},{"taxonomy":"post_tag","embeddable":true,"href":"https:\/\/insjoanoro.cat\/vadellengues\/wp-json\/wp\/v2\/tags?post=378"}],"curies":[{"name":"wp","href":"https:\/\/api.w.org\/{rel}","templated":true}]}}