{"id":382,"date":"2023-11-07T09:00:55","date_gmt":"2023-11-07T09:00:55","guid":{"rendered":"https:\/\/insjoanoro.cat\/vadellengues\/?p=382"},"modified":"2024-02-07T17:09:41","modified_gmt":"2024-02-07T17:09:41","slug":"familia-de-sequencies-interlinguistica","status":"publish","type":"post","link":"https:\/\/insjoanoro.cat\/vadellengues\/2023\/11\/07\/familia-de-sequencies-interlinguistica\/","title":{"rendered":"Fam\u00edlia de seq\u00fc\u00e8ncies interling\u00fc\u00edstica"},"content":{"rendered":"<p>Ja estan en marxa les 3 situacions d&#8217;aprenentatge on l&#8217;alumnat treballa la compet\u00e8ncia oral en les tres lleng\u00fces curriculars.<\/p>\n<p><img loading=\"lazy\" decoding=\"async\" class=\"alignnone size-medium wp-image-383\" src=\"https:\/\/insjoanoro.cat\/vadellengues\/wp-content\/uploads\/sites\/17\/2024\/02\/Captura-2-300x238.jpg\" alt=\"\" width=\"300\" height=\"238\" srcset=\"https:\/\/insjoanoro.cat\/vadellengues\/wp-content\/uploads\/sites\/17\/2024\/02\/Captura-2-300x238.jpg 300w, https:\/\/insjoanoro.cat\/vadellengues\/wp-content\/uploads\/sites\/17\/2024\/02\/Captura-2-768x608.jpg 768w, https:\/\/insjoanoro.cat\/vadellengues\/wp-content\/uploads\/sites\/17\/2024\/02\/Captura-2.jpg 869w\" sizes=\"auto, (max-width: 300px) 100vw, 300px\" \/><\/p>\n<p>&nbsp;<\/p>\n","protected":false},"excerpt":{"rendered":"<div class=\"mh-excerpt\"><p>Ja estan en marxa les 3 situacions d&#8217;aprenentatge on l&#8217;alumnat treballa la compet\u00e8ncia oral en les tres lleng\u00fces curriculars. &nbsp;<\/p>\n<\/div>","protected":false},"author":20,"featured_media":0,"comment_status":"open","ping_status":"open","sticky":false,"template":"","format":"standard","meta":{"footnotes":""},"categories":[8],"tags":[11],"class_list":["post-382","post","type-post","status-publish","format-standard","hentry","category-projecte-interlinguistic","tag-2eso"],"_links":{"self":[{"href":"https:\/\/insjoanoro.cat\/vadellengues\/wp-json\/wp\/v2\/posts\/382","targetHints":{"allow":["GET"]}}],"collection":[{"href":"https:\/\/insjoanoro.cat\/vadellengues\/wp-json\/wp\/v2\/posts"}],"about":[{"href":"https:\/\/insjoanoro.cat\/vadellengues\/wp-json\/wp\/v2\/types\/post"}],"author":[{"embeddable":true,"href":"https:\/\/insjoanoro.cat\/vadellengues\/wp-json\/wp\/v2\/users\/20"}],"replies":[{"embeddable":true,"href":"https:\/\/insjoanoro.cat\/vadellengues\/wp-json\/wp\/v2\/comments?post=382"}],"version-history":[{"count":1,"href":"https:\/\/insjoanoro.cat\/vadellengues\/wp-json\/wp\/v2\/posts\/382\/revisions"}],"predecessor-version":[{"id":384,"href":"https:\/\/insjoanoro.cat\/vadellengues\/wp-json\/wp\/v2\/posts\/382\/revisions\/384"}],"wp:attachment":[{"href":"https:\/\/insjoanoro.cat\/vadellengues\/wp-json\/wp\/v2\/media?parent=382"}],"wp:term":[{"taxonomy":"category","embeddable":true,"href":"https:\/\/insjoanoro.cat\/vadellengues\/wp-json\/wp\/v2\/categories?post=382"},{"taxonomy":"post_tag","embeddable":true,"href":"https:\/\/insjoanoro.cat\/vadellengues\/wp-json\/wp\/v2\/tags?post=382"}],"curies":[{"name":"wp","href":"https:\/\/api.w.org\/{rel}","templated":true}]}}