{"id":53,"date":"2021-04-05T19:46:01","date_gmt":"2021-04-05T19:46:01","guid":{"rendered":"https:\/\/insjoanoro.cat\/vadellengues\/?p=53"},"modified":"2021-05-20T14:47:48","modified_gmt":"2021-05-20T14:47:48","slug":"the-library-de-jason-lamotte","status":"publish","type":"post","link":"https:\/\/insjoanoro.cat\/vadellengues\/2021\/04\/05\/the-library-de-jason-lamotte\/","title":{"rendered":"The Library de Jason Lamotte"},"content":{"rendered":"<p><a href=\"https:\/\/vimeo.com\/118892782\" target=\"_blank\" rel=\"noopener\">The Library \u00e9s<\/a> una hist\u00f2ria al voltant de la m\u00e0gia de les biblioteques, els llibres i l\u2019escriptura, i que porta impl\u00edcit dos altres temes, l\u2019amor i la vellesa. Fant\u00e0stica!<\/p>\n<p>Aquest curt de 20 minuts ha estat dirigit per<a href=\"https:\/\/www.youtube.com\/watch?v=9U6F5WJa8Sc\" target=\"_blank\" rel=\"noopener\"><strong> Jason LaMotte<\/strong> <\/a>que a trav\u00e9s de la pel\u2022l\u00edcula transmet la captivaci\u00f3 que sent per les biblioteques: \u201c <em>Encara recordo la manera i el lloc on hi havia certes seccions de llibres, les olors i els sons que feien. El record de la biblioteca del meu barri encara ara em provoca un sentiment m\u00e0gic, \u00e9s per a mi com un santuari ple de coneixement i d\u2019hist\u00f2ries, envoltat d\u2019una sensaci\u00f3 de tranquil\u2022litat i de somni\u201d<\/em><\/p>\n<p><img loading=\"lazy\" decoding=\"async\" class=\"size-medium wp-image-85 aligncenter\" src=\"https:\/\/insjoanoro.cat\/vadellengues\/wp-content\/uploads\/sites\/17\/2017\/04\/Captura-300x130.png\" alt=\"\" width=\"300\" height=\"130\" srcset=\"https:\/\/insjoanoro.cat\/vadellengues\/wp-content\/uploads\/sites\/17\/2017\/04\/Captura-300x130.png 300w, https:\/\/insjoanoro.cat\/vadellengues\/wp-content\/uploads\/sites\/17\/2017\/04\/Captura-768x333.png 768w, https:\/\/insjoanoro.cat\/vadellengues\/wp-content\/uploads\/sites\/17\/2017\/04\/Captura-1024x444.png 1024w, https:\/\/insjoanoro.cat\/vadellengues\/wp-content\/uploads\/sites\/17\/2017\/04\/Captura.png 1111w\" sizes=\"auto, (max-width: 300px) 100vw, 300px\" \/><\/p>\n","protected":false},"excerpt":{"rendered":"<div class=\"mh-excerpt\"><p>The Library \u00e9s una hist\u00f2ria al voltant de la m\u00e0gia de les biblioteques, els llibres i l\u2019escriptura, i que porta impl\u00edcit dos altres temes, l\u2019amor <a class=\"mh-excerpt-more\" href=\"https:\/\/insjoanoro.cat\/vadellengues\/2021\/04\/05\/the-library-de-jason-lamotte\/\" title=\"The Library de Jason Lamotte\">[&#8230;]<\/a><\/p>\n<\/div>","protected":false},"author":20,"featured_media":85,"comment_status":"open","ping_status":"open","sticky":false,"template":"","format":"standard","meta":{"footnotes":""},"categories":[3],"tags":[],"class_list":["post-53","post","type-post","status-publish","format-standard","has-post-thumbnail","hentry","category-biblioteca"],"_links":{"self":[{"href":"https:\/\/insjoanoro.cat\/vadellengues\/wp-json\/wp\/v2\/posts\/53","targetHints":{"allow":["GET"]}}],"collection":[{"href":"https:\/\/insjoanoro.cat\/vadellengues\/wp-json\/wp\/v2\/posts"}],"about":[{"href":"https:\/\/insjoanoro.cat\/vadellengues\/wp-json\/wp\/v2\/types\/post"}],"author":[{"embeddable":true,"href":"https:\/\/insjoanoro.cat\/vadellengues\/wp-json\/wp\/v2\/users\/20"}],"replies":[{"embeddable":true,"href":"https:\/\/insjoanoro.cat\/vadellengues\/wp-json\/wp\/v2\/comments?post=53"}],"version-history":[{"count":3,"href":"https:\/\/insjoanoro.cat\/vadellengues\/wp-json\/wp\/v2\/posts\/53\/revisions"}],"predecessor-version":[{"id":86,"href":"https:\/\/insjoanoro.cat\/vadellengues\/wp-json\/wp\/v2\/posts\/53\/revisions\/86"}],"wp:featuredmedia":[{"embeddable":true,"href":"https:\/\/insjoanoro.cat\/vadellengues\/wp-json\/wp\/v2\/media\/85"}],"wp:attachment":[{"href":"https:\/\/insjoanoro.cat\/vadellengues\/wp-json\/wp\/v2\/media?parent=53"}],"wp:term":[{"taxonomy":"category","embeddable":true,"href":"https:\/\/insjoanoro.cat\/vadellengues\/wp-json\/wp\/v2\/categories?post=53"},{"taxonomy":"post_tag","embeddable":true,"href":"https:\/\/insjoanoro.cat\/vadellengues\/wp-json\/wp\/v2\/tags?post=53"}],"curies":[{"name":"wp","href":"https:\/\/api.w.org\/{rel}","templated":true}]}}